{"id":8014,"date":"2024-03-12T00:51:01","date_gmt":"2024-03-12T00:51:01","guid":{"rendered":"https:\/\/somosintensos.com.ar\/?p=8014"},"modified":"2024-03-12T00:51:01","modified_gmt":"2024-03-12T00:51:01","slug":"protesta-en-rosario-tras-el-impactante-asesinato-del-colectivero-y-el-playero-la-violencia-narco-despierta-la-ira-ciudadana","status":"publish","type":"post","link":"https:\/\/somosintensos.com.ar\/index.php\/2024\/03\/12\/protesta-en-rosario-tras-el-impactante-asesinato-del-colectivero-y-el-playero-la-violencia-narco-despierta-la-ira-ciudadana\/","title":{"rendered":"Protesta en Rosario tras el impactante asesinato del colectivero y el playero: La violencia narco despierta la ira ciudadana."},"content":{"rendered":"\n<p>La ciudadan\u00eda exige acci\u00f3n ante la ola de cr\u00edmenes que azota la ciudad, mientras se espera la intervenci\u00f3n de fuerzas federales.<\/p>\n\n\n\n<p>El domingo se convirti\u00f3 en un d\u00eda de conmoci\u00f3n y protesta en las calles de Rosario, luego de los brutales asesinatos del colectivero Marcos D&#8217;Aloia y del joven playero Bruno Bussanich, ambos vinculados a un trasfondo narco que sacude a la ciudad. Centenares de ciudadanos salieron a manifestarse, expresando su indignaci\u00f3n y miedo ante la creciente violencia.<\/p>\n\n\n\n<p>El crimen del joven Bussanich, de tan solo 25 a\u00f1os, ha dejado una profunda huella en la comunidad, exacerbando el temor y la ira colectiva. Seg\u00fan informes preliminares, el asesinato habr\u00eda sido perpetrado por presuntos sicarios, quienes no solo acabaron con la vida del joven, sino que tambi\u00e9n dejaron un mensaje intimidatorio dirigido tanto a las autoridades como a la poblaci\u00f3n en general, amenazando con m\u00e1s violencia y muerte.<\/p>\n\n\n\n<p>La situaci\u00f3n ha llevado a que los ciudadanos salgan a las calles en un cacerolazo masivo, haciendo sonar sus cacerolas desde sus balcones y sum\u00e1ndose a bocinazos desde los veh\u00edculos en las principales arterias de la ciudad. Este clamor popular refleja el profundo descontento y la urgencia de medidas efectivas por parte de las autoridades para frenar la espiral de violencia narcotr\u00e1fico-relacionada que ha cobrado demasiadas vidas inocentes. Ante esta escalada de violencia, la ciudad de Rosario aguarda la intervenci\u00f3n inminente de fuerzas federales para tratar de contener la situaci\u00f3n y devolver la seguridad a sus habitantes. El llamado es claro: se requiere una respuesta contundente y coordinada para enfrentar el flagelo del narcotr\u00e1fico y proteger a la ciudadan\u00eda de m\u00e1s tragedias como las que hoy lamentamos<\/p>\n\n\n\n<figure class=\"wp-block-image size-large\"><img fetchpriority=\"high\" decoding=\"async\" width=\"1024\" height=\"1024\" src=\"https:\/\/somosintensos.com.ar\/wp-content\/uploads\/2024\/03\/Imagen-de-WhatsApp-2024-03-11-a-las-08.48.20_8d6e2901-1024x1024.jpg\" alt=\"\" class=\"wp-image-8015\" srcset=\"https:\/\/somosintensos.com.ar\/wp-content\/uploads\/2024\/03\/Imagen-de-WhatsApp-2024-03-11-a-las-08.48.20_8d6e2901-1024x1024.jpg 1024w, https:\/\/somosintensos.com.ar\/wp-content\/uploads\/2024\/03\/Imagen-de-WhatsApp-2024-03-11-a-las-08.48.20_8d6e2901-300x300.jpg 300w, https:\/\/somosintensos.com.ar\/wp-content\/uploads\/2024\/03\/Imagen-de-WhatsApp-2024-03-11-a-las-08.48.20_8d6e2901-150x150.jpg 150w, https:\/\/somosintensos.com.ar\/wp-content\/uploads\/2024\/03\/Imagen-de-WhatsApp-2024-03-11-a-las-08.48.20_8d6e2901-768x768.jpg 768w, https:\/\/somosintensos.com.ar\/wp-content\/uploads\/2024\/03\/Imagen-de-WhatsApp-2024-03-11-a-las-08.48.20_8d6e2901-463x463.jpg 463w, https:\/\/somosintensos.com.ar\/wp-content\/uploads\/2024\/03\/Imagen-de-WhatsApp-2024-03-11-a-las-08.48.20_8d6e2901-919x919.jpg 919w, https:\/\/somosintensos.com.ar\/wp-content\/uploads\/2024\/03\/Imagen-de-WhatsApp-2024-03-11-a-las-08.48.20_8d6e2901-570x570.jpg 570w, https:\/\/somosintensos.com.ar\/wp-content\/uploads\/2024\/03\/Imagen-de-WhatsApp-2024-03-11-a-las-08.48.20_8d6e2901-250x250.jpg 250w, https:\/\/somosintensos.com.ar\/wp-content\/uploads\/2024\/03\/Imagen-de-WhatsApp-2024-03-11-a-las-08.48.20_8d6e2901.jpg 1080w\" sizes=\"(max-width: 1024px) 100vw, 1024px\" \/><\/figure>\n","protected":false},"excerpt":{"rendered":"<div class=\"tmnf_excerpt\"><p>La ciudadan\u00eda exige acci\u00f3n ante la ola de cr\u00edmenes que azota la ciudad, mientras se espera la intervenci\u00f3n de fuerzas federales. El domingo se convirti\u00f3 en un d\u00eda de conmoci\u00f3n y protesta en las calles de Rosario, luego de los brutales asesinatos del colectivero Marcos D&#8217;Aloia y del joven playero Bruno Bussanich, ambos vinculados a &hellip;<\/p>\n<\/div>","protected":false},"author":2,"featured_media":8015,"comment_status":"closed","ping_status":"open","sticky":false,"template":"","format":"standard","meta":{"footnotes":""},"categories":[4,6],"tags":[70,38,121,55],"_links":{"self":[{"href":"https:\/\/somosintensos.com.ar\/index.php\/wp-json\/wp\/v2\/posts\/8014"}],"collection":[{"href":"https:\/\/somosintensos.com.ar\/index.php\/wp-json\/wp\/v2\/posts"}],"about":[{"href":"https:\/\/somosintensos.com.ar\/index.php\/wp-json\/wp\/v2\/types\/post"}],"author":[{"embeddable":true,"href":"https:\/\/somosintensos.com.ar\/index.php\/wp-json\/wp\/v2\/users\/2"}],"replies":[{"embeddable":true,"href":"https:\/\/somosintensos.com.ar\/index.php\/wp-json\/wp\/v2\/comments?post=8014"}],"version-history":[{"count":1,"href":"https:\/\/somosintensos.com.ar\/index.php\/wp-json\/wp\/v2\/posts\/8014\/revisions"}],"predecessor-version":[{"id":8016,"href":"https:\/\/somosintensos.com.ar\/index.php\/wp-json\/wp\/v2\/posts\/8014\/revisions\/8016"}],"wp:featuredmedia":[{"embeddable":true,"href":"https:\/\/somosintensos.com.ar\/index.php\/wp-json\/wp\/v2\/media\/8015"}],"wp:attachment":[{"href":"https:\/\/somosintensos.com.ar\/index.php\/wp-json\/wp\/v2\/media?parent=8014"}],"wp:term":[{"taxonomy":"category","embeddable":true,"href":"https:\/\/somosintensos.com.ar\/index.php\/wp-json\/wp\/v2\/categories?post=8014"},{"taxonomy":"post_tag","embeddable":true,"href":"https:\/\/somosintensos.com.ar\/index.php\/wp-json\/wp\/v2\/tags?post=8014"}],"curies":[{"name":"wp","href":"https:\/\/api.w.org\/{rel}","templated":true}]}}