{"id":8056,"date":"2024-04-16T01:42:07","date_gmt":"2024-04-16T01:42:07","guid":{"rendered":"https:\/\/somosintensos.com.ar\/?p=8056"},"modified":"2024-04-16T01:42:07","modified_gmt":"2024-04-16T01:42:07","slug":"alerta-en-la-industria-nacional-textiles-y-calzado-enfrentan-desafios-ante-politicas-desfavorables","status":"publish","type":"post","link":"https:\/\/somosintensos.com.ar\/index.php\/2024\/04\/16\/alerta-en-la-industria-nacional-textiles-y-calzado-enfrentan-desafios-ante-politicas-desfavorables\/","title":{"rendered":"Alerta en la Industria Nacional: Textiles y Calzado enfrentan desaf\u00edos ante pol\u00edticas desfavorables"},"content":{"rendered":"\n<p>La industria textil y del calzado, pilares fundamentales de la producci\u00f3n nacional y generaci\u00f3n de empleo, se encuentran en estado de alerta debido a las pol\u00edticas econ\u00f3micas que est\u00e1n afectando su desempe\u00f1o. En un contexto de consumo en declive y competencia desleal por importaciones desreguladas, estos sectores enfrentan grandes dificultades para mantenerse a flote.<\/p>\n\n\n\n<p>La situaci\u00f3n actual refleja una disminuci\u00f3n del 30% en las ventas, suspensiones de personal e importaciones sin regulaci\u00f3n, lo que pone en riesgo la estabilidad de numerosas empresas, especialmente las pymes industriales. A medida que el consumo interno se contrae y se flexibilizan las importaciones, las perspectivas econ\u00f3micas se tornan cada vez m\u00e1s sombr\u00edas para la industria textil y del calzado.<\/p>\n\n\n\n<p>El deterioro en el nivel salarial de la poblaci\u00f3n ha impactado negativamente en la demanda interna, exacerbando la situaci\u00f3n para estos sectores que dependen en gran medida del mercado local. La reapertura indiscriminada de importaciones y la falta de protecci\u00f3n a la producci\u00f3n nacional han provocado una crisis en la industria, similar a la experimentada en per\u00edodos anteriores de la historia econ\u00f3mica argentina.<\/p>\n\n\n\n<p>En lo que va del a\u00f1o, la industria ha mostrado una contracci\u00f3n significativa, con una ca\u00edda del 8,3% en la actividad en diciembre respecto al a\u00f1o anterior. Esta tendencia a la baja se ha mantenido en los primeros meses de 2024, acumulando nueve ca\u00eddas consecutivas y una disminuci\u00f3n del 11,1% en el primer bimestre respecto al a\u00f1o anterior. La utilizaci\u00f3n de la capacidad industrial se ha ubicado en niveles hist\u00f3ricamente bajos, mientras que el empleo en el sector se ve amenazado por suspensiones y reducciones de personal.<\/p>\n\n\n\n<p>En particular, el sector textil y del calzado ha sido severamente afectado, con una contracci\u00f3n del 9,5% en la producci\u00f3n textil en enero y una ca\u00edda del 13,3% en la actividad de prendas de vestir, cuero y calzado. Estas cifras reflejan una realidad preocupante para la industria, con una disminuci\u00f3n del empleo y una capacidad instalada subutilizada.<\/p>\n\n\n\n<p>La crisis del consumo en el mercado interno se ha traducido en una reducci\u00f3n de las ventas minoristas, con una ca\u00edda del 12,6% en marzo y una disminuci\u00f3n acumulada del 22,1% en el primer trimestre del a\u00f1o. Esta situaci\u00f3n ha llevado a muchos comercios a enfrentar meses dif\u00edciles, con una baja demanda y aumentos de costos.<\/p>\n\n\n\n<p>Ante este escenario desafiante, la industria textil y del calzado busca mantenerse a flote y encontrar soluciones para superar esta crisis. Sin embargo, las perspectivas futuras son inciertas, con proyecciones que anticipan un panorama complicado para los pr\u00f3ximos meses tanto en la producci\u00f3n como en la demanda.<\/p>\n\n\n\n<p>En resumen, la industria nacional enfrenta uno de sus mayores desaf\u00edos en a\u00f1os, con el sector textil y del calzado en primera l\u00ednea de batalla. La esperanza reside en encontrar pol\u00edticas que protejan y promuevan la producci\u00f3n nacional, permitiendo que estos sectores puedan recuperarse y continuar contribuyendo al desarrollo econ\u00f3mico del pa\u00eds.<\/p>\n","protected":false},"excerpt":{"rendered":"<div class=\"tmnf_excerpt\"><p>La industria textil y del calzado, pilares fundamentales de la producci\u00f3n nacional y generaci\u00f3n de empleo, se encuentran en estado de alerta debido a las pol\u00edticas econ\u00f3micas que est\u00e1n afectando su desempe\u00f1o. En un contexto de consumo en declive y competencia desleal por importaciones desreguladas, estos sectores enfrentan grandes dificultades para mantenerse a flote. La &hellip;<\/p>\n<\/div>","protected":false},"author":2,"featured_media":8057,"comment_status":"closed","ping_status":"open","sticky":false,"template":"","format":"standard","meta":{"footnotes":""},"categories":[4,6,54],"tags":[128,127,129],"_links":{"self":[{"href":"https:\/\/somosintensos.com.ar\/index.php\/wp-json\/wp\/v2\/posts\/8056"}],"collection":[{"href":"https:\/\/somosintensos.com.ar\/index.php\/wp-json\/wp\/v2\/posts"}],"about":[{"href":"https:\/\/somosintensos.com.ar\/index.php\/wp-json\/wp\/v2\/types\/post"}],"author":[{"embeddable":true,"href":"https:\/\/somosintensos.com.ar\/index.php\/wp-json\/wp\/v2\/users\/2"}],"replies":[{"embeddable":true,"href":"https:\/\/somosintensos.com.ar\/index.php\/wp-json\/wp\/v2\/comments?post=8056"}],"version-history":[{"count":1,"href":"https:\/\/somosintensos.com.ar\/index.php\/wp-json\/wp\/v2\/posts\/8056\/revisions"}],"predecessor-version":[{"id":8058,"href":"https:\/\/somosintensos.com.ar\/index.php\/wp-json\/wp\/v2\/posts\/8056\/revisions\/8058"}],"wp:featuredmedia":[{"embeddable":true,"href":"https:\/\/somosintensos.com.ar\/index.php\/wp-json\/wp\/v2\/media\/8057"}],"wp:attachment":[{"href":"https:\/\/somosintensos.com.ar\/index.php\/wp-json\/wp\/v2\/media?parent=8056"}],"wp:term":[{"taxonomy":"category","embeddable":true,"href":"https:\/\/somosintensos.com.ar\/index.php\/wp-json\/wp\/v2\/categories?post=8056"},{"taxonomy":"post_tag","embeddable":true,"href":"https:\/\/somosintensos.com.ar\/index.php\/wp-json\/wp\/v2\/tags?post=8056"}],"curies":[{"name":"wp","href":"https:\/\/api.w.org\/{rel}","templated":true}]}}