{"id":8333,"date":"2024-10-10T01:45:37","date_gmt":"2024-10-10T01:45:37","guid":{"rendered":"https:\/\/somosintensos.com.ar\/?p=8333"},"modified":"2024-11-19T15:51:19","modified_gmt":"2024-11-19T15:51:19","slug":"inseguridad-desbordada-roban-mas-de-100-armas-en-valentin-alsina-y-exigen-explicaciones-al-municipio","status":"publish","type":"post","link":"https:\/\/somosintensos.com.ar\/index.php\/2024\/10\/10\/inseguridad-desbordada-roban-mas-de-100-armas-en-valentin-alsina-y-exigen-explicaciones-al-municipio\/","title":{"rendered":"Inseguridad Desbordada: Roban M\u00e1s de 100 Armas en Valent\u00edn Alsina y Exigen Explicaciones al Municipio"},"content":{"rendered":"\t\t<div data-elementor-type=\"wp-post\" data-elementor-id=\"8333\" class=\"elementor elementor-8333\">\n\t\t\t\t\t\t<section class=\"elementor-section elementor-top-section elementor-element elementor-element-63b65408 elementor-section-boxed elementor-section-height-default elementor-section-height-default\" data-id=\"63b65408\" data-element_type=\"section\">\n\t\t\t\t\t\t<div class=\"elementor-container elementor-column-gap-default\">\n\t\t\t\t\t<div class=\"elementor-column elementor-col-100 elementor-top-column elementor-element elementor-element-4d83e0ff\" data-id=\"4d83e0ff\" data-element_type=\"column\">\n\t\t\t<div class=\"elementor-widget-wrap elementor-element-populated\">\n\t\t\t\t\t\t<div class=\"elementor-element elementor-element-8de16b2 elementor-widget elementor-widget-text-editor\" data-id=\"8de16b2\" data-element_type=\"widget\" data-widget_type=\"text-editor.default\">\n\t\t\t\t<div class=\"elementor-widget-container\">\n\t\t\t<style>\/*! elementor - v3.19.0 - 07-02-2024 *\/\n.elementor-widget-text-editor.elementor-drop-cap-view-stacked .elementor-drop-cap{background-color:#69727d;color:#fff}.elementor-widget-text-editor.elementor-drop-cap-view-framed .elementor-drop-cap{color:#69727d;border:3px solid;background-color:transparent}.elementor-widget-text-editor:not(.elementor-drop-cap-view-default) .elementor-drop-cap{margin-top:8px}.elementor-widget-text-editor:not(.elementor-drop-cap-view-default) .elementor-drop-cap-letter{width:1em;height:1em}.elementor-widget-text-editor .elementor-drop-cap{float:left;text-align:center;line-height:1;font-size:50px}.elementor-widget-text-editor .elementor-drop-cap-letter{display:inline-block}<\/style>\t\t\t\t<!-- wp:paragraph -->\n<p><\/p>\n<!-- \/wp:paragraph -->\n\n<!-- wp:paragraph -->\n<p><strong><em><u>Concejales Exigen Respuestas Urgentes por Robo de Armas y Falta de Control en Armer\u00edas<\/u><\/em><\/strong><\/p>\n<!-- \/wp:paragraph -->\n\n<!-- wp:paragraph -->\n<p><strong>Lan\u00fas, 8 de octubre de 2024<\/strong> \u2013 La seguridad p\u00fablica en el distrito de Lan\u00fas se ha visto gravemente comprometida tras un alarmante incidente que pone en duda la gesti\u00f3n de los controles sobre las armer\u00edas locales. El robo de al menos 100 armas largas y cortas de una armer\u00eda en Valent\u00edn Alsina ha desatado una fuerte preocupaci\u00f3n entre los vecinos y las autoridades. Este hecho ha encendido las alertas en la comunidad y motivado un llamado urgente del Honorable Concejo Deliberante (HCD) para convocar al Secretario de Seguridad del Municipio, Dr. Sebasti\u00e1n Castillo, a una reuni\u00f3n informativa.<\/p>\n<!-- \/wp:paragraph -->\n\n<!-- wp:paragraph -->\n<p><strong>Hechos que Preocupan a la Comunidad<\/strong><br>En las \u00faltimas horas, un robo sin precedentes sacudi\u00f3 a Valent\u00edn Alsina cuando una armer\u00eda local fue saqueada, resultando en la desaparici\u00f3n de m\u00e1s de 100 armas y municiones de distintos calibres. Este evento, sumado a una serie de incidentes delictivos recientes, ha llevado a los concejales del bloque PRO Lan\u00fas a solicitar explicaciones inmediatas por parte del Ejecutivo local. La reuni\u00f3n con el Secretario de Seguridad ser\u00e1 clave para clarificar las acciones que el municipio est\u00e1 tomando para reforzar los controles en las armer\u00edas y prevenir que estas armas caigan en manos de delincuentes.<\/p>\n<!-- \/wp:paragraph -->\n\n<!-- wp:paragraph -->\n<p><strong>Un Problema de Larga Data: La Falta de Regulaci\u00f3n en las Armer\u00edas<\/strong><br>Este robo no solo evidencia una falla puntual en la seguridad de una armer\u00eda, sino que adem\u00e1s pone de relieve un problema de mayor escala: la falta de control efectivo sobre los dep\u00f3sitos de armas y su venta al p\u00fablico en el distrito. Ya el 1 de julio de 2024, mediante el expediente B191\/24, los concejales del bloque Juntos hab\u00edan solicitado una evaluaci\u00f3n sobre los dep\u00f3sitos de armas en Lan\u00fas y las armer\u00edas, sin obtener una respuesta clara. A esto se suma un nuevo requerimiento presentado el 23 de septiembre bajo el expediente B-307\/24, donde se insiste en la necesidad de informaci\u00f3n precisa sobre la situaci\u00f3n actual de las armas en el distrito.<\/p>\n<!-- \/wp:paragraph -->\n\n<!-- wp:paragraph -->\n<p><strong>Convocatoria Urgente al Secretario de Seguridad<\/strong><br>Dada la gravedad de los hechos y el creciente malestar entre los vecinos, el bloque de <strong>Juntos por Lan\u00fas<\/strong> ha enviado una carta formal al presidente del HCD, Agust\u00edn Balladares, exigiendo que se cite de forma urgente al Dr. Sebasti\u00e1n Castillo. Los concejales solicitan una reuni\u00f3n con car\u00e1cter de prioridad para discutir no solo el robo reciente, sino tambi\u00e9n el manejo general de la seguridad en las armer\u00edas y la venta de armas en Lan\u00fas. La carta subraya que la comunidad tiene el derecho de saber si las medidas de seguridad vigentes son suficientes para prevenir futuros incidentes de este tipo.<\/p>\n<!-- \/wp:paragraph -->\n\n<!-- wp:paragraph -->\n<p><strong>Preocupaciones por el Futuro de la Seguridad en Lan\u00fas<\/strong><br>Este incidente ha desatado un fuerte cuestionamiento sobre la capacidad del municipio para controlar la seguridad en un contexto donde las armer\u00edas no parecen estar bajo suficiente vigilancia. Las 100 armas robadas representan un peligro inminente para la comunidad, ya que podr\u00edan ser utilizadas en actos delictivos o caer en manos de organizaciones criminales.<\/p>\n<!-- \/wp:paragraph -->\n\n<!-- wp:paragraph -->\n<p>Los concejales tambi\u00e9n demandan informaci\u00f3n sobre si los patrulleros y fuerzas de seguridad est\u00e1n cumpliendo con los protocolos establecidos, y si existe un monitoreo adecuado del tr\u00e1fico de armas en la ciudad. Esta situaci\u00f3n ha expuesto la falta de precisi\u00f3n y organizaci\u00f3n en varios puntos clave de la gesti\u00f3n de seguridad.<\/p>\n<!-- \/wp:paragraph -->\n\n<!-- wp:paragraph -->\n<p><strong>Una Comunidad en Alerta<\/strong><br>El robo en la armer\u00eda de Valent\u00edn Alsina se ha convertido en un tema candente entre los habitantes de Lan\u00fas, quienes se sienten desprotegidos ante la creciente inseguridad. Adem\u00e1s, ha abierto un debate sobre las prioridades del gobierno municipal. Muchos vecinos cuestionan si los recursos se est\u00e1n utilizando de manera efectiva o si, como denuncian algunos concejales, se priorizan gastos en festividades por sobre las necesidades urgentes de seguridad.<\/p>\n<!-- \/wp:paragraph -->\n\n<!-- wp:paragraph -->\n<p><strong>Exigencia de Transparencia y Medidas Concretas<\/strong><br>Los concejales exigen que la reuni\u00f3n con el Secretario de Seguridad sea una oportunidad para esclarecer dudas y proponer medidas concretas. En particular, se espera que se refuercen los controles en las armer\u00edas y se optimice el uso del Centro de Monitoreo para asegurar que las c\u00e1maras y dispositivos de vigilancia realmente contribuyan a la prevenci\u00f3n del crimen.<br>Lan\u00fas se enfrenta a un momento cr\u00edtico en t\u00e9rminos de seguridad. El reciente robo de armas en Valent\u00edn Alsina ha expuesto la fragilidad de los controles en un \u00e1rea sumamente sensible. Con la comunidad en alerta y las autoridades bajo presi\u00f3n, la reuni\u00f3n con el Secretario de Seguridad ser\u00e1 clave para definir el rumbo de las pol\u00edticas de seguridad en el distrito.<\/p>\n<!-- \/wp:paragraph -->\n\n<!-- wp:paragraph -->\n<p>Mientras tanto, los vecinos siguen esperando respuestas concretas y acciones contundentes que garanticen su bienestar y el de sus familias. La transparencia, el control y el refuerzo de las medidas de seguridad son ahora m\u00e1s urgentes que nunca.<\/p>\n<!-- \/wp:paragraph -->\n\n<!-- wp:paragraph -->\n<p>Este hecho alarmante pone en el centro del debate la necesidad urgente de una estrategia de seguridad m\u00e1s efectiva y coordinada en Lan\u00fas. Los vecinos del distrito merecen vivir en tranquilidad, sin el temor constante que generan los delitos violentos y la falta de control sobre el uso de armas. La comunidad lanusense necesita acciones claras y contundentes de parte de sus autoridades para garantizar una vida cotidiana en paz, libre de amenazas y con la certeza de que sus derechos a la seguridad y protecci\u00f3n son una prioridad real, no solo promesas.<\/p>\n<!-- \/wp:paragraph -->\t\t\t\t\t\t<\/div>\n\t\t\t\t<\/div>\n\t\t\t\t\t<\/div>\n\t\t<\/div>\n\t\t\t\t\t<\/div>\n\t\t<\/section>\n\t\t\t\t<section class=\"elementor-section elementor-top-section elementor-element elementor-element-d0f1e93 elementor-section-boxed elementor-section-height-default elementor-section-height-default\" data-id=\"d0f1e93\" data-element_type=\"section\">\n\t\t\t\t\t\t<div class=\"elementor-container elementor-column-gap-default\">\n\t\t\t\t\t<div class=\"elementor-column elementor-col-100 elementor-top-column elementor-element elementor-element-747f892\" data-id=\"747f892\" data-element_type=\"column\">\n\t\t\t<div class=\"elementor-widget-wrap elementor-element-populated\">\n\t\t\t\t\t\t<div class=\"elementor-element elementor-element-3eeac78 elementor-widget elementor-widget-image\" data-id=\"3eeac78\" data-element_type=\"widget\" data-widget_type=\"image.default\">\n\t\t\t\t<div class=\"elementor-widget-container\">\n\t\t\t<style>\/*! elementor - v3.19.0 - 07-02-2024 *\/\n.elementor-widget-image{text-align:center}.elementor-widget-image a{display:inline-block}.elementor-widget-image a img[src$=\".svg\"]{width:48px}.elementor-widget-image img{vertical-align:middle;display:inline-block}<\/style>\t\t\t\t\t\t\t\t\t\t<img fetchpriority=\"high\" decoding=\"async\" width=\"1024\" height=\"1024\" src=\"https:\/\/somosintensos.com.ar\/wp-content\/uploads\/2024\/04\/hcd-1080x1080-1-1024x1024.jpg\" class=\"attachment-large size-large wp-image-8066\" alt=\"C\u00e1mara de diputados\" srcset=\"https:\/\/somosintensos.com.ar\/wp-content\/uploads\/2024\/04\/hcd-1080x1080-1-1024x1024.jpg 1024w, https:\/\/somosintensos.com.ar\/wp-content\/uploads\/2024\/04\/hcd-1080x1080-1-300x300.jpg 300w, https:\/\/somosintensos.com.ar\/wp-content\/uploads\/2024\/04\/hcd-1080x1080-1-150x150.jpg 150w, https:\/\/somosintensos.com.ar\/wp-content\/uploads\/2024\/04\/hcd-1080x1080-1-768x768.jpg 768w, https:\/\/somosintensos.com.ar\/wp-content\/uploads\/2024\/04\/hcd-1080x1080-1-463x463.jpg 463w, https:\/\/somosintensos.com.ar\/wp-content\/uploads\/2024\/04\/hcd-1080x1080-1-919x919.jpg 919w, https:\/\/somosintensos.com.ar\/wp-content\/uploads\/2024\/04\/hcd-1080x1080-1-570x570.jpg 570w, https:\/\/somosintensos.com.ar\/wp-content\/uploads\/2024\/04\/hcd-1080x1080-1-250x250.jpg 250w, https:\/\/somosintensos.com.ar\/wp-content\/uploads\/2024\/04\/hcd-1080x1080-1.jpg 1080w\" sizes=\"(max-width: 1024px) 100vw, 1024px\" \/>\t\t\t\t\t\t\t\t\t\t\t\t\t<\/div>\n\t\t\t\t<\/div>\n\t\t\t\t\t<\/div>\n\t\t<\/div>\n\t\t\t\t\t<\/div>\n\t\t<\/section>\n\t\t\t\t<\/div>\n\t\t","protected":false},"excerpt":{"rendered":"<div class=\"tmnf_excerpt\"><p>Concejales Exigen Respuestas Urgentes por Robo de Armas y Falta de Control en Armer\u00edas Lan\u00fas, 8 de octubre de 2024 \u2013 La seguridad p\u00fablica en el distrito de Lan\u00fas se ha visto gravemente comprometida tras un alarmante incidente que pone en duda la gesti\u00f3n de los controles sobre las armer\u00edas locales. El robo de al &hellip;<\/p>\n<\/div>","protected":false},"author":2,"featured_media":8334,"comment_status":"closed","ping_status":"open","sticky":false,"template":"","format":"standard","meta":{"footnotes":""},"categories":[4,6],"tags":[36,37,38,55,63],"_links":{"self":[{"href":"https:\/\/somosintensos.com.ar\/index.php\/wp-json\/wp\/v2\/posts\/8333"}],"collection":[{"href":"https:\/\/somosintensos.com.ar\/index.php\/wp-json\/wp\/v2\/posts"}],"about":[{"href":"https:\/\/somosintensos.com.ar\/index.php\/wp-json\/wp\/v2\/types\/post"}],"author":[{"embeddable":true,"href":"https:\/\/somosintensos.com.ar\/index.php\/wp-json\/wp\/v2\/users\/2"}],"replies":[{"embeddable":true,"href":"https:\/\/somosintensos.com.ar\/index.php\/wp-json\/wp\/v2\/comments?post=8333"}],"version-history":[{"count":4,"href":"https:\/\/somosintensos.com.ar\/index.php\/wp-json\/wp\/v2\/posts\/8333\/revisions"}],"predecessor-version":[{"id":8375,"href":"https:\/\/somosintensos.com.ar\/index.php\/wp-json\/wp\/v2\/posts\/8333\/revisions\/8375"}],"wp:featuredmedia":[{"embeddable":true,"href":"https:\/\/somosintensos.com.ar\/index.php\/wp-json\/wp\/v2\/media\/8334"}],"wp:attachment":[{"href":"https:\/\/somosintensos.com.ar\/index.php\/wp-json\/wp\/v2\/media?parent=8333"}],"wp:term":[{"taxonomy":"category","embeddable":true,"href":"https:\/\/somosintensos.com.ar\/index.php\/wp-json\/wp\/v2\/categories?post=8333"},{"taxonomy":"post_tag","embeddable":true,"href":"https:\/\/somosintensos.com.ar\/index.php\/wp-json\/wp\/v2\/tags?post=8333"}],"curies":[{"name":"wp","href":"https:\/\/api.w.org\/{rel}","templated":true}]}}