{"id":8925,"date":"2025-10-06T20:51:04","date_gmt":"2025-10-06T20:51:04","guid":{"rendered":"https:\/\/somosintensos.com.ar\/?p=8925"},"modified":"2025-11-06T20:53:24","modified_gmt":"2025-11-06T20:53:24","slug":"una-medica-del-garrahan-fue-doblemente-premiada-en-alemania-por-su-labor-en-trasplante-pediatrico","status":"publish","type":"post","link":"https:\/\/somosintensos.com.ar\/index.php\/2025\/10\/06\/una-medica-del-garrahan-fue-doblemente-premiada-en-alemania-por-su-labor-en-trasplante-pediatrico\/","title":{"rendered":"Una m\u00e9dica del Garrahan fue doblemente premiada en Alemania por su labor en trasplante pedi\u00e1trico"},"content":{"rendered":"\t\t<div data-elementor-type=\"wp-post\" data-elementor-id=\"8925\" class=\"elementor elementor-8925\">\n\t\t\t\t\t\t<section class=\"elementor-section elementor-top-section elementor-element elementor-element-e24717c elementor-section-boxed elementor-section-height-default elementor-section-height-default\" data-id=\"e24717c\" data-element_type=\"section\">\n\t\t\t\t\t\t<div class=\"elementor-container elementor-column-gap-default\">\n\t\t\t\t\t<div class=\"elementor-column elementor-col-100 elementor-top-column elementor-element elementor-element-35b20b0\" data-id=\"35b20b0\" data-element_type=\"column\">\n\t\t\t<div class=\"elementor-widget-wrap elementor-element-populated\">\n\t\t\t\t\t\t<div class=\"elementor-element elementor-element-f249ade elementor-widget elementor-widget-text-editor\" data-id=\"f249ade\" data-element_type=\"widget\" data-widget_type=\"text-editor.default\">\n\t\t\t\t<div class=\"elementor-widget-container\">\n\t\t\t<style>\/*! elementor - v3.19.0 - 07-02-2024 *\/\n.elementor-widget-text-editor.elementor-drop-cap-view-stacked .elementor-drop-cap{background-color:#69727d;color:#fff}.elementor-widget-text-editor.elementor-drop-cap-view-framed .elementor-drop-cap{color:#69727d;border:3px solid;background-color:transparent}.elementor-widget-text-editor:not(.elementor-drop-cap-view-default) .elementor-drop-cap{margin-top:8px}.elementor-widget-text-editor:not(.elementor-drop-cap-view-default) .elementor-drop-cap-letter{width:1em;height:1em}.elementor-widget-text-editor .elementor-drop-cap{float:left;text-align:center;line-height:1;font-size:50px}.elementor-widget-text-editor .elementor-drop-cap-letter{display:inline-block}<\/style>\t\t\t\t<p data-start=\"298\" data-end=\"618\"><strong data-start=\"298\" data-end=\"618\">Mar\u00eda Julia Minetto, integrante del servicio de Trasplante Hep\u00e1tico del Hospital Garrahan, fue distinguida por la Asociaci\u00f3n Internacional de Trasplante Pedi\u00e1trico (IPTA) durante su congreso mundial en Berl\u00edn. Adem\u00e1s, obtuvo una beca de formaci\u00f3n en Madrid, en uno de los centros de salud m\u00e1s prestigiosos del mundo.<\/strong><\/p><p data-start=\"620\" data-end=\"963\">La m\u00e9dica argentina <strong data-start=\"640\" data-end=\"663\">Mar\u00eda Julia Minetto<\/strong>, especialista en trasplante hep\u00e1tico pedi\u00e1trico del <strong data-start=\"716\" data-end=\"737\">Hospital Garrahan<\/strong>, recibi\u00f3 <strong data-start=\"747\" data-end=\"798\">dos importantes reconocimientos internacionales<\/strong> en el marco del <strong data-start=\"815\" data-end=\"894\">13\u00b0 Congreso de la Asociaci\u00f3n Internacional de Trasplante Pedi\u00e1trico (IPTA)<\/strong>, realizado en Berl\u00edn, Alemania, entre el 18 y el 21 de septiembre.<\/p><p data-start=\"965\" data-end=\"1408\">Por un lado, fue distinguida con el <strong data-start=\"1001\" data-end=\"1064\">\u201cFuture Leader in Transplantation Career Development Award\u201d<\/strong>, un premio que reconoce su proyecci\u00f3n profesional y su potencial para convertirse en referente en la especialidad.<br data-start=\"1179\" data-end=\"1182\" \/>El segundo galard\u00f3n le otorg\u00f3 la posibilidad de realizar una <strong data-start=\"1243\" data-end=\"1301\">rotaci\u00f3n formativa en el Hospital Universitario La Paz<\/strong>, en Madrid, donde actualmente profundiza su capacitaci\u00f3n en <strong data-start=\"1362\" data-end=\"1405\">trasplante de intestino y multivisceral<\/strong>.<\/p><blockquote data-start=\"1410\" data-end=\"1791\"><p data-start=\"1412\" data-end=\"1791\">\u201cEsta distinci\u00f3n ayuda a mantener la motivaci\u00f3n para seguir aprendiendo, esforz\u00e1ndome e intentando ser mejor profesional para nuestros pacientes. Significa que una va por el camino correcto\u201d, expres\u00f3 Minetto.<br data-start=\"1620\" data-end=\"1623\" \/>\u201cPara nuestro servicio tambi\u00e9n es muy importante que todos sus miembros puedan progresar y formarse en t\u00e9cnicas de avanzada en centros de referencia mundial\u201d, agreg\u00f3.<\/p><\/blockquote><p data-start=\"1793\" data-end=\"1990\">La m\u00e9dica destac\u00f3 que el reconocimiento no solo es personal, sino que <strong data-start=\"1863\" data-end=\"1895\">refleja el trabajo en equipo<\/strong> y la <strong data-start=\"1901\" data-end=\"1923\">formaci\u00f3n continua<\/strong> que caracteriza al servicio de Trasplante Hep\u00e1tico del Garrahan.<\/p><blockquote data-start=\"1991\" data-end=\"2196\"><p data-start=\"1993\" data-end=\"2196\">\u201cFormar parte de un equipo que siempre busca mejorar por y para los pacientes es una gran motivaci\u00f3n. En ese camino, el hospital fomenta e impulsa el crecimiento profesional de cada integrante\u201d, subray\u00f3.<\/p><\/blockquote><p data-start=\"2198\" data-end=\"2690\">Durante el congreso, el equipo del Garrahan present\u00f3 <strong data-start=\"2251\" data-end=\"2282\">cuatro trabajos cient\u00edficos<\/strong> que muestran los resultados de su labor cotidiana. Entre los temas abordados se destacaron las <strong data-start=\"2378\" data-end=\"2419\">atresias de v\u00edas biliares complicadas<\/strong>, la <strong data-start=\"2424\" data-end=\"2515\">adecuaci\u00f3n de la t\u00e9cnica quir\u00fargica en donante vivo para trasplante hep\u00e1tico pedi\u00e1trico<\/strong>, las <strong data-start=\"2521\" data-end=\"2606\">fallas hep\u00e1ticas tratadas con procedimientos innovadores que evitan el trasplante<\/strong>, y la <strong data-start=\"2613\" data-end=\"2687\">estratificaci\u00f3n de riesgo inmunol\u00f3gico pretrasplante a nivel molecular<\/strong>.<\/p><blockquote data-start=\"2692\" data-end=\"2888\"><p data-start=\"2694\" data-end=\"2888\">\u201cLos temas interesaron y gustaron. Nuestros trabajos y resultados son comparables con los de los centros internacionales de referencia\u201d, afirm\u00f3 Minetto desde Madrid, donde contin\u00faa su formaci\u00f3n.<\/p><\/blockquote><p data-start=\"2890\" data-end=\"3129\">Con estos reconocimientos, el Hospital Garrahan reafirma su lugar como <strong data-start=\"2961\" data-end=\"3008\">referente regional en trasplante pedi\u00e1trico<\/strong>, impulsando la excelencia m\u00e9dica y la formaci\u00f3n de profesionales argentinos en los m\u00e1s altos est\u00e1ndares internacionales.<\/p>\t\t\t\t\t\t<\/div>\n\t\t\t\t<\/div>\n\t\t\t\t\t<\/div>\n\t\t<\/div>\n\t\t\t\t\t<\/div>\n\t\t<\/section>\n\t\t\t\t<section class=\"elementor-section elementor-top-section elementor-element elementor-element-a68c3ac elementor-section-boxed elementor-section-height-default elementor-section-height-default\" data-id=\"a68c3ac\" data-element_type=\"section\">\n\t\t\t\t\t\t<div class=\"elementor-container elementor-column-gap-default\">\n\t\t\t\t\t<div class=\"elementor-column elementor-col-100 elementor-top-column elementor-element elementor-element-ef83f37\" data-id=\"ef83f37\" data-element_type=\"column\">\n\t\t\t<div class=\"elementor-widget-wrap elementor-element-populated\">\n\t\t\t\t\t\t<div class=\"elementor-element elementor-element-283b495 elementor-widget elementor-widget-image\" data-id=\"283b495\" data-element_type=\"widget\" data-widget_type=\"image.default\">\n\t\t\t\t<div class=\"elementor-widget-container\">\n\t\t\t<style>\/*! elementor - v3.19.0 - 07-02-2024 *\/\n.elementor-widget-image{text-align:center}.elementor-widget-image a{display:inline-block}.elementor-widget-image a img[src$=\".svg\"]{width:48px}.elementor-widget-image img{vertical-align:middle;display:inline-block}<\/style>\t\t\t\t\t\t\t\t\t\t<img fetchpriority=\"high\" decoding=\"async\" width=\"300\" height=\"300\" src=\"https:\/\/somosintensos.com.ar\/wp-content\/uploads\/2025\/04\/Banner-HCD_300x300.gif\" class=\"attachment-large size-large wp-image-8673\" alt=\"\" \/>\t\t\t\t\t\t\t\t\t\t\t\t\t<\/div>\n\t\t\t\t<\/div>\n\t\t\t\t\t<\/div>\n\t\t<\/div>\n\t\t\t\t\t<\/div>\n\t\t<\/section>\n\t\t\t\t<\/div>\n\t\t","protected":false},"excerpt":{"rendered":"<div class=\"tmnf_excerpt\"><p>Mar\u00eda Julia Minetto, integrante del servicio de Trasplante Hep\u00e1tico del Hospital Garrahan, fue distinguida por la Asociaci\u00f3n Internacional de Trasplante Pedi\u00e1trico (IPTA) durante su congreso mundial en Berl\u00edn. Adem\u00e1s, obtuvo una beca de formaci\u00f3n en Madrid, en uno de los centros de salud m\u00e1s prestigiosos del mundo. La m\u00e9dica argentina Mar\u00eda Julia Minetto, especialista en &hellip;<\/p>\n<\/div>","protected":false},"author":2,"featured_media":8926,"comment_status":"closed","ping_status":"open","sticky":false,"template":"","format":"standard","meta":{"footnotes":""},"categories":[4,151,54],"tags":[],"_links":{"self":[{"href":"https:\/\/somosintensos.com.ar\/index.php\/wp-json\/wp\/v2\/posts\/8925"}],"collection":[{"href":"https:\/\/somosintensos.com.ar\/index.php\/wp-json\/wp\/v2\/posts"}],"about":[{"href":"https:\/\/somosintensos.com.ar\/index.php\/wp-json\/wp\/v2\/types\/post"}],"author":[{"embeddable":true,"href":"https:\/\/somosintensos.com.ar\/index.php\/wp-json\/wp\/v2\/users\/2"}],"replies":[{"embeddable":true,"href":"https:\/\/somosintensos.com.ar\/index.php\/wp-json\/wp\/v2\/comments?post=8925"}],"version-history":[{"count":4,"href":"https:\/\/somosintensos.com.ar\/index.php\/wp-json\/wp\/v2\/posts\/8925\/revisions"}],"predecessor-version":[{"id":8930,"href":"https:\/\/somosintensos.com.ar\/index.php\/wp-json\/wp\/v2\/posts\/8925\/revisions\/8930"}],"wp:featuredmedia":[{"embeddable":true,"href":"https:\/\/somosintensos.com.ar\/index.php\/wp-json\/wp\/v2\/media\/8926"}],"wp:attachment":[{"href":"https:\/\/somosintensos.com.ar\/index.php\/wp-json\/wp\/v2\/media?parent=8925"}],"wp:term":[{"taxonomy":"category","embeddable":true,"href":"https:\/\/somosintensos.com.ar\/index.php\/wp-json\/wp\/v2\/categories?post=8925"},{"taxonomy":"post_tag","embeddable":true,"href":"https:\/\/somosintensos.com.ar\/index.php\/wp-json\/wp\/v2\/tags?post=8925"}],"curies":[{"name":"wp","href":"https:\/\/api.w.org\/{rel}","templated":true}]}}