{"id":9068,"date":"2026-03-11T19:20:34","date_gmt":"2026-03-11T19:20:34","guid":{"rendered":"https:\/\/somosintensos.com.ar\/?p=9068"},"modified":"2026-03-11T19:23:14","modified_gmt":"2026-03-11T19:23:14","slug":"vecinos-y-organizaciones-impulsan-una-ordenanza-para-proteger-arboles-historicos-en-lanus","status":"publish","type":"post","link":"https:\/\/somosintensos.com.ar\/index.php\/2026\/03\/11\/vecinos-y-organizaciones-impulsan-una-ordenanza-para-proteger-arboles-historicos-en-lanus\/","title":{"rendered":"Vecinos y organizaciones impulsan una ordenanza para proteger \u00e1rboles hist\u00f3ricos en Lan\u00fas"},"content":{"rendered":"\t\t<div data-elementor-type=\"wp-post\" data-elementor-id=\"9068\" class=\"elementor elementor-9068\">\n\t\t\t\t\t\t<section class=\"elementor-section elementor-top-section elementor-element elementor-element-07725b6 elementor-section-boxed elementor-section-height-default elementor-section-height-default\" data-id=\"07725b6\" data-element_type=\"section\">\n\t\t\t\t\t\t<div class=\"elementor-container elementor-column-gap-default\">\n\t\t\t\t\t<div class=\"elementor-column elementor-col-100 elementor-top-column elementor-element elementor-element-3ba3206\" data-id=\"3ba3206\" data-element_type=\"column\">\n\t\t\t<div class=\"elementor-widget-wrap elementor-element-populated\">\n\t\t\t\t\t\t<div class=\"elementor-element elementor-element-e36b88e elementor-widget elementor-widget-text-editor\" data-id=\"e36b88e\" data-element_type=\"widget\" data-widget_type=\"text-editor.default\">\n\t\t\t\t<div class=\"elementor-widget-container\">\n\t\t\t<style>\/*! elementor - v3.19.0 - 07-02-2024 *\/\n.elementor-widget-text-editor.elementor-drop-cap-view-stacked .elementor-drop-cap{background-color:#69727d;color:#fff}.elementor-widget-text-editor.elementor-drop-cap-view-framed .elementor-drop-cap{color:#69727d;border:3px solid;background-color:transparent}.elementor-widget-text-editor:not(.elementor-drop-cap-view-default) .elementor-drop-cap{margin-top:8px}.elementor-widget-text-editor:not(.elementor-drop-cap-view-default) .elementor-drop-cap-letter{width:1em;height:1em}.elementor-widget-text-editor .elementor-drop-cap{float:left;text-align:center;line-height:1;font-size:50px}.elementor-widget-text-editor .elementor-drop-cap-letter{display:inline-block}<\/style>\t\t\t\t<p>Asociaciones civiles, activistas ambientales y grupos de vecinos del distrito presentaron en el Honorable Concejo Deliberante un proyecto de ordenanza para crear un R\u00e9gimen de Protecci\u00f3n de \u00c1rboles Hist\u00f3ricos en Lan\u00fas, con el objetivo de preservar ejemplares del arbolado p\u00fablico que forman parte del patrimonio natural, cultural y paisaj\u00edstico de la ciudad.<\/p><p>La iniciativa propone identificar, registrar y conservar \u00e1rboles que tengan valor hist\u00f3rico, ambiental o simb\u00f3lico para la comunidad, adem\u00e1s de establecer un sistema de sanciones para quienes da\u00f1en o talen ejemplares protegidos.<\/p><p>Creaci\u00f3n de un inventario de \u00e1rboles hist\u00f3ricos<br \/>Uno de los puntos centrales del proyecto es la creaci\u00f3n del Inventario Municipal de \u00c1rboles Hist\u00f3ricos del Partido de Lan\u00fas, donde se registrar\u00e1n los ejemplares protegidos con informaci\u00f3n detallada sobre su ubicaci\u00f3n, especie, edad estimada, estado de conservaci\u00f3n y valor patrimonial.<br \/>Seg\u00fan el texto de la ordenanza, se contemplan dos categor\u00edas principales:<\/p><p>\u00c1rbol hist\u00f3rico del Municipio de Lan\u00fas: ejemplares del arbolado p\u00fablico con m\u00e1s de 30 a\u00f1os de antig\u00fcedad estimada. Aquellos que exist\u00edan antes de la fundaci\u00f3n del distrito ser\u00edan declarados Monumento Natural del Municipio de Lan\u00fas.<br \/>\u00c1rbol protegido del Municipio de Lan\u00fas: ejemplares que, m\u00e1s all\u00e1 de su edad, posean valor hist\u00f3rico, cultural, ecol\u00f3gico o paisaj\u00edstico.<br \/>Relevamiento t\u00e9cnico y participaci\u00f3n ciudadana<br \/>La propuesta establece que la autoridad de aplicaci\u00f3n deber\u00e1 realizar relevamientos peri\u00f3dicos y actualizar permanentemente el inventario con criterios t\u00e9cnicos, hist\u00f3ricos y ambientales.<br \/>Adem\u00e1s, plantea la elaboraci\u00f3n de planes de conservaci\u00f3n, mantenimiento y monitoreo, junto con acciones de difusi\u00f3n y educaci\u00f3n ambiental. Entre ellas se incluyen capacitaciones abiertas, material educativo y actividades para promover la participaci\u00f3n de escuelas, instituciones y vecinos en la valoraci\u00f3n del patrimonio arb\u00f3reo.<\/p><p>El proyecto tambi\u00e9n prev\u00e9 la instalaci\u00f3n de carteler\u00eda informativa en los \u00e1rboles registrados, con datos sobre su especie, antig\u00fcedad aproximada y las conductas prohibidas para su protecci\u00f3n.<\/p><p>Otro punto destacado es la creaci\u00f3n de un sistema inform\u00e1tico p\u00fablico de acceso libre, que permitir\u00e1 consultar la ubicaci\u00f3n de los ejemplares protegidos y conocer las acciones de gesti\u00f3n del arbolado urbano.<\/p><p>Multas y sanciones por da\u00f1os al arbolado<br \/>La iniciativa tambi\u00e9n modifica art\u00edculos de la normativa vigente sobre arbolado p\u00fablico para endurecer sanciones contra quienes da\u00f1en \u00e1rboles protegidos.<br \/>Entre las conductas prohibidas se incluyen la tala, extracci\u00f3n, trasplante, poda severa o cualquier acci\u00f3n que afecte la integridad de los ejemplares sin autorizaci\u00f3n municipal.<\/p><p>Las multas se medir\u00e1n en Jornales M\u00ednimos Municipales y podr\u00e1n alcanzar hasta 400 unidades en casos de tala o da\u00f1o de \u00e1rboles inscriptos en el inventario sin autorizaci\u00f3n.<\/p><p>Adem\u00e1s de la sanci\u00f3n econ\u00f3mica, quienes provoquen da\u00f1os deber\u00e1n realizar recomposici\u00f3n ambiental, mediante la plantaci\u00f3n de nuevos ejemplares aut\u00f3ctonos o de la misma especie.<\/p><p>Protecci\u00f3n desde la postulaci\u00f3n del \u00e1rbol<br \/>El proyecto establece tambi\u00e9n que los \u00e1rboles propuestos para integrar el inventario contar\u00e1n con protecci\u00f3n provisoria desde el momento de su postulaci\u00f3n, hasta que se resuelva su incorporaci\u00f3n definitiva.<br \/>Gesti\u00f3n y autoridad de aplicaci\u00f3n<br \/>La iniciativa prev\u00e9 que la Secretar\u00eda de Espacios y Servicios P\u00fablicos, a trav\u00e9s de la Subsecretar\u00eda de Ambiente, sea la autoridad de aplicaci\u00f3n del r\u00e9gimen.<br \/>Adem\u00e1s, se habilita la posibilidad de que el municipio trabaje en conjunto con asociaciones civiles, fundaciones, instituciones educativas y especialistas, mediante convenios de colaboraci\u00f3n t\u00e9cnica.<\/p><p>Patrimonio natural de la ciudad<br \/>Los impulsores del proyecto se\u00f1alan que la ordenanza busca proteger ejemplares que forman parte de la identidad hist\u00f3rica y ambiental de Lan\u00fas, al tiempo que promueve una mayor conciencia sobre el valor del arbolado urbano.<br \/>De aprobarse en el Concejo Deliberante, el r\u00e9gimen permitir\u00e1 identificar y preservar \u00e1rboles emblem\u00e1ticos del distrito, integr\u00e1ndolos al patrimonio natural y cultural de la comunidad.<\/p>\t\t\t\t\t\t<\/div>\n\t\t\t\t<\/div>\n\t\t\t\t\t<\/div>\n\t\t<\/div>\n\t\t\t\t\t<\/div>\n\t\t<\/section>\n\t\t\t\t<section class=\"elementor-section elementor-top-section elementor-element elementor-element-fd44b88 elementor-section-boxed elementor-section-height-default elementor-section-height-default\" data-id=\"fd44b88\" data-element_type=\"section\">\n\t\t\t\t\t\t<div class=\"elementor-container elementor-column-gap-default\">\n\t\t\t\t\t<div class=\"elementor-column elementor-col-100 elementor-top-column elementor-element elementor-element-455d32c\" data-id=\"455d32c\" data-element_type=\"column\">\n\t\t\t<div class=\"elementor-widget-wrap elementor-element-populated\">\n\t\t\t\t\t\t<div class=\"elementor-element elementor-element-65e22d9 elementor-widget elementor-widget-image\" data-id=\"65e22d9\" data-element_type=\"widget\" data-widget_type=\"image.default\">\n\t\t\t\t<div class=\"elementor-widget-container\">\n\t\t\t<style>\/*! elementor - v3.19.0 - 07-02-2024 *\/\n.elementor-widget-image{text-align:center}.elementor-widget-image a{display:inline-block}.elementor-widget-image a img[src$=\".svg\"]{width:48px}.elementor-widget-image img{vertical-align:middle;display:inline-block}<\/style>\t\t\t\t\t\t\t\t\t\t<img fetchpriority=\"high\" decoding=\"async\" width=\"750\" height=\"550\" src=\"https:\/\/somosintensos.com.ar\/wp-content\/uploads\/2026\/03\/WhatsApp-Image-2026-03-11-at-3.57.58-PM-e1773256927130.jpeg\" class=\"attachment-large size-large wp-image-9074\" alt=\"\" srcset=\"https:\/\/somosintensos.com.ar\/wp-content\/uploads\/2026\/03\/WhatsApp-Image-2026-03-11-at-3.57.58-PM-e1773256927130.jpeg 750w, https:\/\/somosintensos.com.ar\/wp-content\/uploads\/2026\/03\/WhatsApp-Image-2026-03-11-at-3.57.58-PM-e1773256927130-300x220.jpeg 300w, https:\/\/somosintensos.com.ar\/wp-content\/uploads\/2026\/03\/WhatsApp-Image-2026-03-11-at-3.57.58-PM-e1773256927130-463x340.jpeg 463w\" sizes=\"(max-width: 750px) 100vw, 750px\" \/>\t\t\t\t\t\t\t\t\t\t\t\t\t<\/div>\n\t\t\t\t<\/div>\n\t\t\t\t\t<\/div>\n\t\t<\/div>\n\t\t\t\t\t<\/div>\n\t\t<\/section>\n\t\t\t\t<section class=\"elementor-section elementor-top-section elementor-element elementor-element-7f43c87 elementor-section-boxed elementor-section-height-default elementor-section-height-default\" data-id=\"7f43c87\" data-element_type=\"section\">\n\t\t\t\t\t\t<div class=\"elementor-container elementor-column-gap-default\">\n\t\t\t\t\t<div class=\"elementor-column elementor-col-100 elementor-top-column elementor-element elementor-element-a473b9e\" data-id=\"a473b9e\" data-element_type=\"column\">\n\t\t\t<div class=\"elementor-widget-wrap elementor-element-populated\">\n\t\t\t\t\t\t<div class=\"elementor-element elementor-element-1cf5936 elementor-widget elementor-widget-image\" data-id=\"1cf5936\" data-element_type=\"widget\" data-widget_type=\"image.default\">\n\t\t\t\t<div class=\"elementor-widget-container\">\n\t\t\t\t\t\t\t\t\t\t\t\t\t<img decoding=\"async\" width=\"300\" height=\"300\" src=\"https:\/\/somosintensos.com.ar\/wp-content\/uploads\/2025\/04\/Banner-HCD_300x300.gif\" class=\"attachment-large size-large wp-image-8673\" alt=\"\" \/>\t\t\t\t\t\t\t\t\t\t\t\t\t<\/div>\n\t\t\t\t<\/div>\n\t\t\t\t\t<\/div>\n\t\t<\/div>\n\t\t\t\t\t<\/div>\n\t\t<\/section>\n\t\t\t\t<\/div>\n\t\t","protected":false},"excerpt":{"rendered":"<div class=\"tmnf_excerpt\"><p>Asociaciones civiles, activistas ambientales y grupos de vecinos del distrito presentaron en el Honorable Concejo Deliberante un proyecto de ordenanza para crear un R\u00e9gimen de Protecci\u00f3n de \u00c1rboles Hist\u00f3ricos en Lan\u00fas, con el objetivo de preservar ejemplares del arbolado p\u00fablico que forman parte del patrimonio natural, cultural y paisaj\u00edstico de la ciudad. La iniciativa propone &hellip;<\/p>\n<\/div>","protected":false},"author":2,"featured_media":9069,"comment_status":"closed","ping_status":"open","sticky":false,"template":"","format":"standard","meta":{"footnotes":""},"categories":[4,6,54],"tags":[36],"_links":{"self":[{"href":"https:\/\/somosintensos.com.ar\/index.php\/wp-json\/wp\/v2\/posts\/9068"}],"collection":[{"href":"https:\/\/somosintensos.com.ar\/index.php\/wp-json\/wp\/v2\/posts"}],"about":[{"href":"https:\/\/somosintensos.com.ar\/index.php\/wp-json\/wp\/v2\/types\/post"}],"author":[{"embeddable":true,"href":"https:\/\/somosintensos.com.ar\/index.php\/wp-json\/wp\/v2\/users\/2"}],"replies":[{"embeddable":true,"href":"https:\/\/somosintensos.com.ar\/index.php\/wp-json\/wp\/v2\/comments?post=9068"}],"version-history":[{"count":10,"href":"https:\/\/somosintensos.com.ar\/index.php\/wp-json\/wp\/v2\/posts\/9068\/revisions"}],"predecessor-version":[{"id":9080,"href":"https:\/\/somosintensos.com.ar\/index.php\/wp-json\/wp\/v2\/posts\/9068\/revisions\/9080"}],"wp:featuredmedia":[{"embeddable":true,"href":"https:\/\/somosintensos.com.ar\/index.php\/wp-json\/wp\/v2\/media\/9069"}],"wp:attachment":[{"href":"https:\/\/somosintensos.com.ar\/index.php\/wp-json\/wp\/v2\/media?parent=9068"}],"wp:term":[{"taxonomy":"category","embeddable":true,"href":"https:\/\/somosintensos.com.ar\/index.php\/wp-json\/wp\/v2\/categories?post=9068"},{"taxonomy":"post_tag","embeddable":true,"href":"https:\/\/somosintensos.com.ar\/index.php\/wp-json\/wp\/v2\/tags?post=9068"}],"curies":[{"name":"wp","href":"https:\/\/api.w.org\/{rel}","templated":true}]}}