{"id":9081,"date":"2026-03-11T19:28:42","date_gmt":"2026-03-11T19:28:42","guid":{"rendered":"https:\/\/somosintensos.com.ar\/?p=9081"},"modified":"2026-03-11T19:30:19","modified_gmt":"2026-03-11T19:30:19","slug":"puesta-en-valor-y-renovacion-integral-del-concejo-deliberante-de-lanus-restauraron-la-fachada-historica-y-modernizaron-sus-instalaciones","status":"publish","type":"post","link":"https:\/\/somosintensos.com.ar\/index.php\/2026\/03\/11\/puesta-en-valor-y-renovacion-integral-del-concejo-deliberante-de-lanus-restauraron-la-fachada-historica-y-modernizaron-sus-instalaciones\/","title":{"rendered":"Puesta en valor y renovaci\u00f3n integral del Concejo Deliberante de Lan\u00fas: restauraron la fachada hist\u00f3rica y modernizaron sus instalaciones"},"content":{"rendered":"\t\t<div data-elementor-type=\"wp-post\" data-elementor-id=\"9081\" class=\"elementor elementor-9081\">\n\t\t\t\t\t\t<section class=\"elementor-section elementor-top-section elementor-element elementor-element-39a902c elementor-section-boxed elementor-section-height-default elementor-section-height-default\" data-id=\"39a902c\" data-element_type=\"section\">\n\t\t\t\t\t\t<div class=\"elementor-container elementor-column-gap-default\">\n\t\t\t\t\t<div class=\"elementor-column elementor-col-100 elementor-top-column elementor-element elementor-element-f6644d5\" data-id=\"f6644d5\" data-element_type=\"column\">\n\t\t\t<div class=\"elementor-widget-wrap elementor-element-populated\">\n\t\t\t\t\t\t<div class=\"elementor-element elementor-element-603ee35 elementor-widget elementor-widget-text-editor\" data-id=\"603ee35\" data-element_type=\"widget\" data-widget_type=\"text-editor.default\">\n\t\t\t\t<div class=\"elementor-widget-container\">\n\t\t\t<style>\/*! elementor - v3.19.0 - 07-02-2024 *\/\n.elementor-widget-text-editor.elementor-drop-cap-view-stacked .elementor-drop-cap{background-color:#69727d;color:#fff}.elementor-widget-text-editor.elementor-drop-cap-view-framed .elementor-drop-cap{color:#69727d;border:3px solid;background-color:transparent}.elementor-widget-text-editor:not(.elementor-drop-cap-view-default) .elementor-drop-cap{margin-top:8px}.elementor-widget-text-editor:not(.elementor-drop-cap-view-default) .elementor-drop-cap-letter{width:1em;height:1em}.elementor-widget-text-editor .elementor-drop-cap{float:left;text-align:center;line-height:1;font-size:50px}.elementor-widget-text-editor .elementor-drop-cap-letter{display:inline-block}<\/style>\t\t\t\t<p>El edificio del Honorable Concejo Deliberante de Lan\u00fas fue sometido a una importante puesta en valor, embellecimiento y renovaci\u00f3n integral con el objetivo de mejorar las condiciones edilicias y laborales, preservar su patrimonio arquitect\u00f3nico y optimizar el funcionamiento institucional.<br \/>Las obras se realizaron mientras continuaba el proceso legislativo y forman parte de un plan de mejora, conservaci\u00f3n y modernizaci\u00f3n de las instalaciones del \u00f3rgano deliberativo local.<br \/>Entre los trabajos m\u00e1s destacados se llev\u00f3 adelante la renovaci\u00f3n completa de la fachada hist\u00f3rica del edificio, incluyendo tareas de mantenimiento, reparaci\u00f3n y pintura. Adem\u00e1s, se incorpor\u00f3 un nuevo cartel lum\u00ednico en el frente junto a un logo corp\u00f3reo institucional, lo que permiti\u00f3 jerarquizar la imagen del edificio y mejorar su visibilidad.<br \/>En el interior del recinto tambi\u00e9n se ejecutaron diversas intervenciones. Se realizaron trabajos de revoque y pintura integral en la Sala de Sesiones \u201cIslas Malvinas Argentinas\u201d, as\u00ed como en los salones, escaleras y pasillos linderos. A su vez, se coloc\u00f3 nueva carteler\u00eda en distintas oficinas para facilitar la identificaci\u00f3n de las \u00e1reas administrativas.<br \/>Uno de los puntos centrales de la restauraci\u00f3n fue la recuperaci\u00f3n del piso original de pinotea ubicado en la recepci\u00f3n y en el hist\u00f3rico Sal\u00f3n de los Pasos Perdidos. All\u00ed se llev\u00f3 adelante un proceso especializado de lijado, pulido y plastificado que permiti\u00f3 recuperar este material caracter\u00edstico del edificio, que supo funcionar como el primer palacio municipal de Lan\u00fas.<br \/>Las mejoras tambi\u00e9n alcanzaron al exterior del predio. Se realizaron tareas de mantenimiento, reordenamiento, se\u00f1alizaci\u00f3n y ampliaci\u00f3n del play\u00f3n de estacionamiento, con el objetivo de optimizar la circulaci\u00f3n vehicular y el uso del espacio tanto para trabajadores, autoridades y concejales como para los vecinos que se acercan al lugar.<br \/>Desde el Concejo Deliberante se\u00f1alaron que estas obras buscan preservar el valor patrimonial del edificio y garantizar espacios adecuados para el desarrollo de la actividad legislativa, adem\u00e1s de fortalecer el v\u00ednculo permanente con la comunidad.<br \/>El Honorable Concejo Deliberante de Lan\u00fas es el \u00f3rgano deliberativo del distrito, donde los representantes electos debaten y sancionan las normas que organizan la vida institucional de la ciudad y definen pol\u00edticas p\u00fablicas para su desarrollo.<br \/>Para consultas, acceso a normativas o presentaci\u00f3n de proyectos, los vecinos pueden comunicarse al 4357-5199, escribir al correo hcd@lanus.gob.ar o acercarse de manera presencial a Av. 9 de Julio 1647, Lan\u00fas Este, de lunes a viernes de 8 a 18 horas.<\/p>\t\t\t\t\t\t<\/div>\n\t\t\t\t<\/div>\n\t\t\t\t\t<\/div>\n\t\t<\/div>\n\t\t\t\t\t<\/div>\n\t\t<\/section>\n\t\t\t\t<section class=\"elementor-section elementor-top-section elementor-element elementor-element-6a1dae6 elementor-section-boxed elementor-section-height-default elementor-section-height-default\" data-id=\"6a1dae6\" data-element_type=\"section\">\n\t\t\t\t\t\t<div class=\"elementor-container elementor-column-gap-default\">\n\t\t\t\t\t<div class=\"elementor-column elementor-col-100 elementor-top-column elementor-element elementor-element-8e60990\" data-id=\"8e60990\" data-element_type=\"column\">\n\t\t\t<div class=\"elementor-widget-wrap elementor-element-populated\">\n\t\t\t\t\t\t<div class=\"elementor-element elementor-element-14aeb93 elementor-widget elementor-widget-image\" data-id=\"14aeb93\" data-element_type=\"widget\" data-widget_type=\"image.default\">\n\t\t\t\t<div class=\"elementor-widget-container\">\n\t\t\t<style>\/*! elementor - v3.19.0 - 07-02-2024 *\/\n.elementor-widget-image{text-align:center}.elementor-widget-image a{display:inline-block}.elementor-widget-image a img[src$=\".svg\"]{width:48px}.elementor-widget-image img{vertical-align:middle;display:inline-block}<\/style>\t\t\t\t\t\t\t\t\t\t<img fetchpriority=\"high\" decoding=\"async\" width=\"300\" height=\"300\" src=\"https:\/\/somosintensos.com.ar\/wp-content\/uploads\/2025\/04\/Banner-HCD_300x300.gif\" class=\"attachment-large size-large wp-image-8673\" alt=\"\" \/>\t\t\t\t\t\t\t\t\t\t\t\t\t<\/div>\n\t\t\t\t<\/div>\n\t\t\t\t\t<\/div>\n\t\t<\/div>\n\t\t\t\t\t<\/div>\n\t\t<\/section>\n\t\t\t\t<\/div>\n\t\t","protected":false},"excerpt":{"rendered":"<div class=\"tmnf_excerpt\"><p>El edificio del Honorable Concejo Deliberante de Lan\u00fas fue sometido a una importante puesta en valor, embellecimiento y renovaci\u00f3n integral con el objetivo de mejorar las condiciones edilicias y laborales, preservar su patrimonio arquitect\u00f3nico y optimizar el funcionamiento institucional.Las obras se realizaron mientras continuaba el proceso legislativo y forman parte de un plan de mejora, &hellip;<\/p>\n<\/div>","protected":false},"author":2,"featured_media":9082,"comment_status":"closed","ping_status":"open","sticky":false,"template":"","format":"standard","meta":{"footnotes":""},"categories":[4,153,6,54],"tags":[],"_links":{"self":[{"href":"https:\/\/somosintensos.com.ar\/index.php\/wp-json\/wp\/v2\/posts\/9081"}],"collection":[{"href":"https:\/\/somosintensos.com.ar\/index.php\/wp-json\/wp\/v2\/posts"}],"about":[{"href":"https:\/\/somosintensos.com.ar\/index.php\/wp-json\/wp\/v2\/types\/post"}],"author":[{"embeddable":true,"href":"https:\/\/somosintensos.com.ar\/index.php\/wp-json\/wp\/v2\/users\/2"}],"replies":[{"embeddable":true,"href":"https:\/\/somosintensos.com.ar\/index.php\/wp-json\/wp\/v2\/comments?post=9081"}],"version-history":[{"count":4,"href":"https:\/\/somosintensos.com.ar\/index.php\/wp-json\/wp\/v2\/posts\/9081\/revisions"}],"predecessor-version":[{"id":9087,"href":"https:\/\/somosintensos.com.ar\/index.php\/wp-json\/wp\/v2\/posts\/9081\/revisions\/9087"}],"wp:featuredmedia":[{"embeddable":true,"href":"https:\/\/somosintensos.com.ar\/index.php\/wp-json\/wp\/v2\/media\/9082"}],"wp:attachment":[{"href":"https:\/\/somosintensos.com.ar\/index.php\/wp-json\/wp\/v2\/media?parent=9081"}],"wp:term":[{"taxonomy":"category","embeddable":true,"href":"https:\/\/somosintensos.com.ar\/index.php\/wp-json\/wp\/v2\/categories?post=9081"},{"taxonomy":"post_tag","embeddable":true,"href":"https:\/\/somosintensos.com.ar\/index.php\/wp-json\/wp\/v2\/tags?post=9081"}],"curies":[{"name":"wp","href":"https:\/\/api.w.org\/{rel}","templated":true}]}}